[{"@context":"https:\/\/schema.org\/","@type":"Article","@id":"https:\/\/www.eberunka.cz\/avia-a21-ve-filmu-copak-je-to-za-vojaka\/#Article","mainEntityOfPage":"https:\/\/www.eberunka.cz\/avia-a21-ve-filmu-copak-je-to-za-vojaka\/","headline":"Avia A21 ve filmu \u201eCopak je to za voj\u00e1ka\u201c","name":"Avia A21 ve filmu \u201eCopak je to za voj\u00e1ka\u201c","description":"\u0158\u00edk\u00e1 v\u00e1m n\u011bco film \u201eCopak je to za voj\u00e1ka\u201c? Byl nato\u010den v roce 1987 (premi\u00e9ra 1. \u010dervence 1988) a pro m\u011b osobn\u011b v t\u00e9 dob\u011b znamenal mnoho, nebo\u0165 se m\u011b tak\u00e9 t\u00fdkala z\u00e1kladn\u00ed vojensk\u00e1 slu\u017eba. Nebylo to sice u \u201eparag\u00e1n\u016f\u201c,... <a class=\"more-link\" href=\"https:\/\/www.eberunka.cz\/avia-a21-ve-filmu-copak-je-to-za-vojaka\/\">Pokra\u010dovat ve \u010dten\u00ed &rarr;<\/a>","datePublished":"2025-12-18","dateModified":"2025-12-18","author":{"@type":"Person","@id":"https:\/\/www.eberunka.cz\/author\/#Person","name":"","url":"https:\/\/www.eberunka.cz\/author\/","identifier":1,"image":{"@type":"ImageObject","@id":"https:\/\/secure.gravatar.com\/avatar\/232437c79d6ebbb41eb67b1526ce0bc08ee5047d6b1594dc05abcc3258d8e0b3?s=96&d=mm&r=g","url":"https:\/\/secure.gravatar.com\/avatar\/232437c79d6ebbb41eb67b1526ce0bc08ee5047d6b1594dc05abcc3258d8e0b3?s=96&d=mm&r=g","height":96,"width":96}},"publisher":{"@type":"Organization","name":"eberunka.cz","logo":{"@type":"ImageObject","@id":"\/logo.png","url":"\/logo.png","width":600,"height":60}},"image":{"@type":"ImageObject","@id":"https:\/\/www.eberunka.cz\/wp-content\/uploads\/communism-17071_640.jpg","url":"https:\/\/www.eberunka.cz\/wp-content\/uploads\/communism-17071_640.jpg","height":0,"width":0},"url":"https:\/\/www.eberunka.cz\/avia-a21-ve-filmu-copak-je-to-za-vojaka\/","about":["Zbo\u017e\u00ed"],"wordCount":430,"articleBody":"      \u0158\u00edk\u00e1 v\u00e1m n\u011bco film \u201eCopak je to za voj\u00e1ka\u201c? Byl nato\u010den v roce 1987 (premi\u00e9ra 1. \u010dervence 1988) a pro m\u011b osobn\u011b v t\u00e9 dob\u011b znamenal mnoho, nebo\u0165 se m\u011b tak\u00e9 t\u00fdkala z\u00e1kladn\u00ed vojensk\u00e1 slu\u017eba. Nebylo to sice u \u201eparag\u00e1n\u016f\u201c, bylo to u Protivzdu\u0161n\u00e9 obrany st\u00e1tu PVOS, kter\u00e1 naopak letadla sest\u0159eluje, nicm\u00e9n\u011b film jsem ocenil nejen kv\u016fli vojensk\u00e9 atmosf\u00e9\u0159e, n\u00fdbr\u017e i pro t\u00e9ma partnersk\u00fdch vztah\u016f mezi mu\u017eem a \u017eenou. Kdy\u017e se Ji\u0159\u00ed Langmajer posadil do sk\u0159\u00ed\u0148ov\u00e9 Avie a vydal se na cestu, aby splnil sv\u016fj bojov\u00fd \u00fakol, do cesty se mu postavila p\u016fvabn\u00e1 Ivana V\u00e1vrov\u00e1. Byla sice o \u010dty\u0159i roky star\u0161\u00ed ne\u017e on, ale rozhodn\u011b to neubralo na p\u016fvabu t\u00e9to situaci. Mlad\u00fd voj\u00e1k si milostn\u00fd rom\u00e1nek odpustil, ale kdybych byl j\u00e1 na jeho m\u00edst\u011b, mo\u017en\u00e1 bych se rozhodoval jinak.Sk\u0159\u00ed\u0148ov\u00e1 Avia m\u011bla ve filmu docela velk\u00fd prostor, vezlo se v n\u00ed maso, kter\u00e9 bylo rozprod\u00e1v\u00e1no na \u010dern\u00e9m trhu, a tato pointa byla ve filmu vyu\u017eita pro zobrazen\u00ed nekal\u00fdch praktik, kter\u00e9 se v t\u00e9 dob\u011b mohly v na\u0161\u00ed zemi vyskytovat. Vozidlo m\u011blo ve filmu pozn\u00e1vac\u00ed zna\u010dku KT \u2013 74 \u2013 10, to si m\u016f\u017eete snadno zjistit. Tato Avia m\u011bla tmav\u011b modrou kabinu a b\u00edlou sk\u0159\u00ed\u0148 a p\u0159ipadalo mi, \u017ee v\u016fz je t\u00e9m\u011b\u0159 nov\u00fd. (Ve filmu se tak\u00e9 objev\u00ed jin\u00e1 Avia se zna\u010dkou KT \u2013 73 \u2013 10.)Jestli\u017ee m\u00e1te r\u00e1di star\u00e9 filmy z doby socialismu a chcete si p\u0159ipomenout tuto dobu, pouh\u00e9 dva roky p\u0159ed sametovou revoluc\u00ed, m\u016f\u017eete to prov\u00e9st skrze filmov\u00fd p\u0159\u00edb\u011bh a tak\u00e9 prost\u0159ednictv\u00edm model\u016f aut, mezi nimi\u017e objev\u00edte i Avii s plachtou. Nen\u00ed sice sk\u0159\u00ed\u0148ov\u00e1, ale je to Avia a s modrou kabinou a ozna\u010den\u00edm \u010cSAD (\u010ceskoslovensk\u00e1 st\u00e1tn\u00ed automobilov\u00e1 doprava). Model vypad\u00e1 \u00fa\u017easn\u011b a s\u00e1m bych si jej po\u0159\u00eddil jako nostalgickou vzpom\u00ednku na m\u00e9 ml\u00e1d\u00ed. Na z\u00e1v\u011br epochy re\u00e1ln\u00e9ho socialismu.Model Avia A21 \u010cSAD je ru\u010dn\u00ed pr\u00e1ce, je zhotoven v m\u011b\u0159\u00edtku 1:43 a mohl by b\u00fdt vhodn\u00fdm d\u00e1rkem t\u0159eba pod v\u00e1no\u010dn\u00ed stromek. Mohli byste s n\u00edm ud\u011blat radost va\u0161emu p\u0159\u00edteli, otci nebo d\u011bde\u010dkovi a komukoli jin\u00e9mu, kdo tuto dobu pamatuje, ov\u0161em model auta m\u016f\u017ee pot\u011b\u0161it i n\u011bkoho, kdo zn\u00e1 re\u00e1ln\u00fd socialismus jen z vypr\u00e1v\u011bn\u00ed.                                                                                                                                                                                                                                                                                                                                                                                          4.8\/5 - (5 votes)        "},{"@context":"https:\/\/schema.org\/","@type":"BreadcrumbList","itemListElement":[{"@type":"ListItem","position":1,"name":"Avia A21 ve filmu \u201eCopak je to za voj\u00e1ka\u201c","item":"https:\/\/www.eberunka.cz\/avia-a21-ve-filmu-copak-je-to-za-vojaka\/#breadcrumbitem"}]}]