[{"@context":"https:\/\/schema.org\/","@type":"Article","@id":"https:\/\/www.eberunka.cz\/belgie-a-spanelsko-boje-o-jednotne-staty\/#Article","mainEntityOfPage":"https:\/\/www.eberunka.cz\/belgie-a-spanelsko-boje-o-jednotne-staty\/","headline":"Belgie a \u0160pan\u011blsko \u2013 boje o jednotn\u00e9 st\u00e1ty","name":"Belgie a \u0160pan\u011blsko \u2013 boje o jednotn\u00e9 st\u00e1ty","description":"Evropa prod\u011blala bou\u0159liv\u00fd v\u00fdvoj sv\u00fdch sou\u010dasn\u00fdch hranic. Tyto byly, s\u00a0mal\u00fdmi odchylkami, ustanoveny po druh\u00e9 sv\u011btov\u00e9 v\u00e1lce. St\u011b\u017eejn\u00edm obdob\u00edm pro jejich tvorbu byla v\u0161ak snaha n\u00e1rodnostn\u00edch obrozeneck\u00fdch hnut\u00ed v\u00a0devaten\u00e1ct\u00e9m stolet\u00ed. P\u0159inejmen\u0161\u00edm v\u00a0oblasti st\u0159edn\u00ed Evropy, kde tyto snahy vy\u00fastili po prvn\u00ed sv\u011btov\u00e9... <a class=\"more-link\" href=\"https:\/\/www.eberunka.cz\/belgie-a-spanelsko-boje-o-jednotne-staty\/\">Pokra\u010dovat ve \u010dten\u00ed &rarr;<\/a>","datePublished":"2019-03-26","dateModified":"2023-05-05","author":{"@type":"Person","@id":"https:\/\/www.eberunka.cz\/author\/#Person","name":"","url":"https:\/\/www.eberunka.cz\/author\/","identifier":1,"image":{"@type":"ImageObject","@id":"https:\/\/secure.gravatar.com\/avatar\/232437c79d6ebbb41eb67b1526ce0bc08ee5047d6b1594dc05abcc3258d8e0b3?s=96&d=mm&r=g","url":"https:\/\/secure.gravatar.com\/avatar\/232437c79d6ebbb41eb67b1526ce0bc08ee5047d6b1594dc05abcc3258d8e0b3?s=96&d=mm&r=g","height":96,"width":96}},"publisher":{"@type":"Organization","name":"eberunka.cz","logo":{"@type":"ImageObject","@id":"\/logo.png","url":"\/logo.png","width":600,"height":60}},"image":{"@type":"ImageObject","@id":"https:\/\/www.eberunka.cz\/wp-content\/uploads\/img_a345106_w2454_t1558855412.jpg","url":"https:\/\/www.eberunka.cz\/wp-content\/uploads\/img_a345106_w2454_t1558855412.jpg","height":0,"width":0},"url":"https:\/\/www.eberunka.cz\/belgie-a-spanelsko-boje-o-jednotne-staty\/","about":["D\u011bti"],"wordCount":383,"articleBody":"Evropa prod\u011blala bou\u0159liv\u00fd v\u00fdvoj sv\u00fdch sou\u010dasn\u00fdch hranic. Tyto byly, s\u00a0mal\u00fdmi odchylkami, ustanoveny po druh\u00e9 sv\u011btov\u00e9 v\u00e1lce. St\u011b\u017eejn\u00edm obdob\u00edm pro jejich tvorbu byla v\u0161ak snaha n\u00e1rodnostn\u00edch obrozeneck\u00fdch hnut\u00ed v\u00a0devaten\u00e1ct\u00e9m stolet\u00ed. P\u0159inejmen\u0161\u00edm v\u00a0oblasti st\u0159edn\u00ed Evropy, kde tyto snahy vy\u00fastili po prvn\u00ed sv\u011btov\u00e9 v\u00e1lce rozpadem Rakouska-Uherska a vznikem n\u00e1stupnick\u00fdch st\u00e1t\u016f (mj. \u010ceskoslovenska, Ma\u010farska, Kr\u00e1lovstv\u00ed Srb\u016f, Chorvat\u016f a Slovinc\u016f). I dal\u0161\u00ed kouty Evropy byly postupn\u011b bu\u010fto sjednocov\u00e1ny (It\u00e1lie, N\u011bmecko) \u010di rozd\u011blov\u00e1ny (Velk\u00e9 Polsko). Proto, \u017ee n\u011bkter\u00e1, p\u0159edev\u0161\u00edm ta anektovan\u00e1, \u00fazem\u00ed, byla pod\u0159\u00edzena proti v\u016fli m\u00edstn\u00edch ob\u010dan\u016f, jsou v\u00a0sou\u010dasnosti ohnisky nap\u011bt\u00ed na evropsk\u00e9m kontinentu.\tBelgie\tBelgie je p\u0159\u00edkladem, kdy je k\u00a0rozd\u011blen\u00ed modern\u00edho st\u00e1tu velmi bl\u00edzko. D\u011bl\u00ed se na dv\u011b \u010d\u00e1sti \u2013 Vl\u00e1msko a Valonsko. Zat\u00edmco Vl\u00e1msko le\u017e\u00ed v\u00a0oblasti Flander, kter\u00e1 je historicky bohat\u00e1, Valonsko je jen \u201echud\u00fdm p\u0159\u00edbuzn\u00fdm\u201c. Vl\u00e1mov\u00e9 mluv\u00ed nizozem\u0161tinou, Valoni zase francouzsky. Region hlavn\u00edho m\u011bsta Bruselu je v\u0161ak v\u00edcem\u00e9n\u011b kosmopolitn\u00ed oblast\u00ed s\u00a0neutr\u00e1ln\u00edm postojem k\u00a0ob\u011bma jazykov\u00fdm oblastem. A proto\u017ee se zde tvo\u0159\u00ed a\u017e 20% belgick\u00e9ho, maj\u00ed ob\u011b strany z\u00e1jem, aby v\u00a0p\u0159\u00edpad\u011b rozd\u011blen\u00ed st\u00e1tu byl na jejich \u00fazem\u00ed. A to je zat\u00edm jedinou pojistkou, proti \u201erozvodu\u201c. Proto\u017ee bez Bruselu by asi ani jedna \u010d\u00e1st nemohla existovat samostatn\u011b.\t\u0160pan\u011blsko\t\u0160pan\u011blsk\u00e1 pyrenejsk\u00e1 provincii Katal\u00e1nsko je jak jazykov\u011b, tak kulturn\u011b, velmi odli\u0161n\u00e1 od zbytku st\u00e1tu. Historicky bylo samostatn\u00e9 (tzv. Aragonsk\u00e9 kr\u00e1lovstv\u00ed), nicm\u00e9n\u011b roku 1707 vznikl centralizovan\u00fd \u0161pan\u011blsk\u00fd st\u00e1t a Aragonie byla jeho sou\u010d\u00e1st\u00ed. Modern\u00ed snahy o rozd\u011blen\u00ed z\u00a0tohoto p\u0159irozen\u011b \u010derpaj\u00ed ideov\u00fd z\u00e1klad, nicm\u00e9n\u011b se jedn\u00e1 sp\u00ed\u0161e o ekonomick\u00e9 snahy. Oblast kolem Barcelony je toti\u017e nejbohat\u0161\u00ed \u010d\u00e1st\u00ed \u0160pan\u011blska.\tV\u00a0modern\u00edm sv\u011bt\u011b je my\u0161lenka solidarity mezi bohat\u00fdmi a chud\u00fdmi \u010d\u00e1stmi st\u00e1t\u016f velmi cenn\u00e1. P\u0159esto by v\u0161ak m\u011bly jednotliv\u00e9 n\u00e1rody dostat prostor k\u00a0tomu, aby se sami rozhodly o sv\u00e9m osudu.                                                                                                                                                                                                                                                                                                                                                                                        4.6\/5 - (8 votes)        "},{"@context":"https:\/\/schema.org\/","@type":"BreadcrumbList","itemListElement":[{"@type":"ListItem","position":1,"name":"Belgie a \u0160pan\u011blsko \u2013 boje o jednotn\u00e9 st\u00e1ty","item":"https:\/\/www.eberunka.cz\/belgie-a-spanelsko-boje-o-jednotne-staty\/#breadcrumbitem"}]}]