{"@context":"https:\/\/schema.org\/","@type":"CollectionPage","@id":"https:\/\/www.eberunka.cz\/deti\/#CollectionPage","headline":"D\u011bti Category","description":"","url":"https:\/\/www.eberunka.cz\/deti\/","hasPart":[{"@type":"Article","@id":"https:\/\/www.eberunka.cz\/belgie-a-spanelsko-boje-o-jednotne-staty\/","headline":"Belgie a \u0160pan\u011blsko \u2013 boje o jednotn\u00e9 st\u00e1ty","url":"https:\/\/www.eberunka.cz\/belgie-a-spanelsko-boje-o-jednotne-staty\/","datePublished":"2019-03-26","dateModified":"2023-05-05","mainEntityOfPage":"https:\/\/www.eberunka.cz\/belgie-a-spanelsko-boje-o-jednotne-staty\/","author":{"@type":"Person","@id":"https:\/\/www.eberunka.cz\/author\/#Person","name":"","url":"https:\/\/www.eberunka.cz\/author\/","identifier":1,"image":{"@type":"ImageObject","@id":"https:\/\/secure.gravatar.com\/avatar\/232437c79d6ebbb41eb67b1526ce0bc08ee5047d6b1594dc05abcc3258d8e0b3?s=96&d=mm&r=g","url":"https:\/\/secure.gravatar.com\/avatar\/232437c79d6ebbb41eb67b1526ce0bc08ee5047d6b1594dc05abcc3258d8e0b3?s=96&d=mm&r=g","height":96,"width":96}},"publisher":{"@type":"Organization","name":"eberunka.cz","logo":{"@type":"ImageObject","@id":"\/logo.png","url":"\/logo.png","width":600,"height":60}},"image":{"@type":"ImageObject","@id":"https:\/\/www.eberunka.cz\/wp-content\/uploads\/img_a345106_w2454_t1558855412.jpg","url":"https:\/\/www.eberunka.cz\/wp-content\/uploads\/img_a345106_w2454_t1558855412.jpg","height":0,"width":0},"keywords":null},{"@type":"Article","@id":"https:\/\/www.eberunka.cz\/proklety-ostrov\/","headline":"Proklet\u00fd ostrov","url":"https:\/\/www.eberunka.cz\/proklety-ostrov\/","datePublished":"2019-03-23","dateModified":"2023-05-05","mainEntityOfPage":"https:\/\/www.eberunka.cz\/proklety-ostrov\/","author":{"@type":"Person","@id":"https:\/\/www.eberunka.cz\/author\/#Person","name":"","url":"https:\/\/www.eberunka.cz\/author\/","identifier":1,"image":{"@type":"ImageObject","@id":"https:\/\/secure.gravatar.com\/avatar\/232437c79d6ebbb41eb67b1526ce0bc08ee5047d6b1594dc05abcc3258d8e0b3?s=96&d=mm&r=g","url":"https:\/\/secure.gravatar.com\/avatar\/232437c79d6ebbb41eb67b1526ce0bc08ee5047d6b1594dc05abcc3258d8e0b3?s=96&d=mm&r=g","height":96,"width":96}},"publisher":{"@type":"Organization","name":"eberunka.cz","logo":{"@type":"ImageObject","@id":"\/logo.png","url":"\/logo.png","width":600,"height":60}},"image":{"@type":"ImageObject","@id":"https:\/\/www.eberunka.cz\/wp-content\/uploads\/img_a344856_w2454_t1558638223.jpg","url":"https:\/\/www.eberunka.cz\/wp-content\/uploads\/img_a344856_w2454_t1558638223.jpg","height":0,"width":0},"keywords":null},{"@type":"Article","@id":"https:\/\/www.eberunka.cz\/hlavni-je-byt-videt\/","headline":"Hlavn\u00ed je b\u00fdt vid\u011bt","url":"https:\/\/www.eberunka.cz\/hlavni-je-byt-videt\/","datePublished":"2019-01-25","dateModified":"2023-05-05","mainEntityOfPage":"https:\/\/www.eberunka.cz\/hlavni-je-byt-videt\/","author":{"@type":"Person","@id":"https:\/\/www.eberunka.cz\/author\/#Person","name":"","url":"https:\/\/www.eberunka.cz\/author\/","identifier":1,"image":{"@type":"ImageObject","@id":"https:\/\/secure.gravatar.com\/avatar\/232437c79d6ebbb41eb67b1526ce0bc08ee5047d6b1594dc05abcc3258d8e0b3?s=96&d=mm&r=g","url":"https:\/\/secure.gravatar.com\/avatar\/232437c79d6ebbb41eb67b1526ce0bc08ee5047d6b1594dc05abcc3258d8e0b3?s=96&d=mm&r=g","height":96,"width":96}},"publisher":{"@type":"Organization","name":"eberunka.cz","logo":{"@type":"ImageObject","@id":"\/logo.png","url":"\/logo.png","width":600,"height":60}},"image":{"@type":"ImageObject","@id":"https:\/\/www.eberunka.cz\/wp-content\/uploads\/img_a340556_w2454_t1553512286.jpg","url":"https:\/\/www.eberunka.cz\/wp-content\/uploads\/img_a340556_w2454_t1553512286.jpg","height":0,"width":0},"keywords":null},{"@type":"Article","@id":"https:\/\/www.eberunka.cz\/kdyz-vam-predcita-celebrita\/","headline":"Kdy\u017e V\u00e1m p\u0159ed\u010d\u00edt\u00e1 celebrita","url":"https:\/\/www.eberunka.cz\/kdyz-vam-predcita-celebrita\/","datePublished":"2018-04-07","dateModified":"2023-05-05","mainEntityOfPage":"https:\/\/www.eberunka.cz\/kdyz-vam-predcita-celebrita\/","author":{"@type":"Person","@id":"https:\/\/www.eberunka.cz\/author\/#Person","name":"","url":"https:\/\/www.eberunka.cz\/author\/","identifier":1,"image":{"@type":"ImageObject","@id":"https:\/\/secure.gravatar.com\/avatar\/232437c79d6ebbb41eb67b1526ce0bc08ee5047d6b1594dc05abcc3258d8e0b3?s=96&d=mm&r=g","url":"https:\/\/secure.gravatar.com\/avatar\/232437c79d6ebbb41eb67b1526ce0bc08ee5047d6b1594dc05abcc3258d8e0b3?s=96&d=mm&r=g","height":96,"width":96}},"publisher":{"@type":"Organization","name":"eberunka.cz","logo":{"@type":"ImageObject","@id":"\/logo.png","url":"\/logo.png","width":600,"height":60}},"image":{"@type":"ImageObject","@id":"https:\/\/www.eberunka.cz\/wp-content\/uploads\/img_a317674_w2454_t1528400178.jpg","url":"https:\/\/www.eberunka.cz\/wp-content\/uploads\/img_a317674_w2454_t1528400178.jpg","height":0,"width":0},"keywords":null},{"@type":"Article","@id":"https:\/\/www.eberunka.cz\/vernost-jako-spolecenske-tabu\/","headline":"V\u011brnost jako spole\u010densk\u00e9 tabu","url":"https:\/\/www.eberunka.cz\/vernost-jako-spolecenske-tabu\/","datePublished":"2018-02-19","dateModified":"2023-05-05","mainEntityOfPage":"https:\/\/www.eberunka.cz\/vernost-jako-spolecenske-tabu\/","author":{"@type":"Person","@id":"https:\/\/www.eberunka.cz\/author\/#Person","name":"","url":"https:\/\/www.eberunka.cz\/author\/","identifier":1,"image":{"@type":"ImageObject","@id":"https:\/\/secure.gravatar.com\/avatar\/232437c79d6ebbb41eb67b1526ce0bc08ee5047d6b1594dc05abcc3258d8e0b3?s=96&d=mm&r=g","url":"https:\/\/secure.gravatar.com\/avatar\/232437c79d6ebbb41eb67b1526ce0bc08ee5047d6b1594dc05abcc3258d8e0b3?s=96&d=mm&r=g","height":96,"width":96}},"publisher":{"@type":"Organization","name":"eberunka.cz","logo":{"@type":"ImageObject","@id":"\/logo.png","url":"\/logo.png","width":600,"height":60}},"image":{"@type":"ImageObject","@id":"https:\/\/www.eberunka.cz\/wp-content\/uploads\/img_a313405_w2454_t1524124578.jpg","url":"https:\/\/www.eberunka.cz\/wp-content\/uploads\/img_a313405_w2454_t1524124578.jpg","height":0,"width":0},"keywords":null},{"@type":"Article","@id":"https:\/\/www.eberunka.cz\/historicka-proza\/","headline":"Historick\u00e1 pr\u00f3za","url":"https:\/\/www.eberunka.cz\/historicka-proza\/","datePublished":"2018-01-16","dateModified":"2023-05-05","mainEntityOfPage":"https:\/\/www.eberunka.cz\/historicka-proza\/","author":{"@type":"Person","@id":"https:\/\/www.eberunka.cz\/author\/#Person","name":"","url":"https:\/\/www.eberunka.cz\/author\/","identifier":1,"image":{"@type":"ImageObject","@id":"https:\/\/secure.gravatar.com\/avatar\/232437c79d6ebbb41eb67b1526ce0bc08ee5047d6b1594dc05abcc3258d8e0b3?s=96&d=mm&r=g","url":"https:\/\/secure.gravatar.com\/avatar\/232437c79d6ebbb41eb67b1526ce0bc08ee5047d6b1594dc05abcc3258d8e0b3?s=96&d=mm&r=g","height":96,"width":96}},"publisher":{"@type":"Organization","name":"eberunka.cz","logo":{"@type":"ImageObject","@id":"\/logo.png","url":"\/logo.png","width":600,"height":60}},"image":{"@type":"ImageObject","@id":"https:\/\/www.eberunka.cz\/wp-content\/uploads\/img_a310268_w2454_t1521189967.jpg","url":"https:\/\/www.eberunka.cz\/wp-content\/uploads\/img_a310268_w2454_t1521189967.jpg","height":0,"width":0},"keywords":null},{"@type":"Article","@id":"https:\/\/www.eberunka.cz\/michelangelo-buonarroti\/","headline":"Michelangelo Buonarroti","url":"https:\/\/www.eberunka.cz\/michelangelo-buonarroti\/","datePublished":"2018-01-04","dateModified":"2023-05-05","mainEntityOfPage":"https:\/\/www.eberunka.cz\/michelangelo-buonarroti\/","author":{"@type":"Person","@id":"https:\/\/www.eberunka.cz\/author\/#Person","name":"","url":"https:\/\/www.eberunka.cz\/author\/","identifier":1,"image":{"@type":"ImageObject","@id":"https:\/\/secure.gravatar.com\/avatar\/232437c79d6ebbb41eb67b1526ce0bc08ee5047d6b1594dc05abcc3258d8e0b3?s=96&d=mm&r=g","url":"https:\/\/secure.gravatar.com\/avatar\/232437c79d6ebbb41eb67b1526ce0bc08ee5047d6b1594dc05abcc3258d8e0b3?s=96&d=mm&r=g","height":96,"width":96}},"publisher":{"@type":"Organization","name":"eberunka.cz","logo":{"@type":"ImageObject","@id":"\/logo.png","url":"\/logo.png","width":600,"height":60}},"image":{"@type":"ImageObject","@id":"https:\/\/www.eberunka.cz\/wp-content\/uploads\/img_a309166_w2454_t1520158234.jpg","url":"https:\/\/www.eberunka.cz\/wp-content\/uploads\/img_a309166_w2454_t1520158234.jpg","height":0,"width":0},"keywords":null},{"@type":"Article","@id":"https:\/\/www.eberunka.cz\/vyplati-se-cestovat-autobusem-a-na-co-si-dat-pozor\/","headline":"Vyplat\u00ed se cestovat autobusem a na co si d\u00e1t pozor?","url":"https:\/\/www.eberunka.cz\/vyplati-se-cestovat-autobusem-a-na-co-si-dat-pozor\/","datePublished":"2017-10-31","dateModified":"2023-05-05","mainEntityOfPage":"https:\/\/www.eberunka.cz\/vyplati-se-cestovat-autobusem-a-na-co-si-dat-pozor\/","author":{"@type":"Person","@id":"https:\/\/www.eberunka.cz\/author\/#Person","name":"","url":"https:\/\/www.eberunka.cz\/author\/","identifier":1,"image":{"@type":"ImageObject","@id":"https:\/\/secure.gravatar.com\/avatar\/232437c79d6ebbb41eb67b1526ce0bc08ee5047d6b1594dc05abcc3258d8e0b3?s=96&d=mm&r=g","url":"https:\/\/secure.gravatar.com\/avatar\/232437c79d6ebbb41eb67b1526ce0bc08ee5047d6b1594dc05abcc3258d8e0b3?s=96&d=mm&r=g","height":96,"width":96}},"publisher":{"@type":"Organization","name":"eberunka.cz","logo":{"@type":"ImageObject","@id":"\/logo.png","url":"\/logo.png","width":600,"height":60}},"image":{"@type":"ImageObject","@id":"https:\/\/www.eberunka.cz\/wp-content\/uploads\/img_a303910_w2454_t1514716295.jpg","url":"https:\/\/www.eberunka.cz\/wp-content\/uploads\/img_a303910_w2454_t1514716295.jpg","height":0,"width":0},"keywords":null}]}