{"@context":"https:\/\/schema.org\/","@type":"CollectionPage","@id":"https:\/\/www.eberunka.cz\/dum-a-zahrada\/#CollectionPage","headline":"D\u016fm a zahrada Category","description":"","url":"https:\/\/www.eberunka.cz\/dum-a-zahrada\/","hasPart":[{"@type":"Article","@id":"https:\/\/www.eberunka.cz\/bydleni-u-rodicu-nebo-stehovani\/","headline":"Bydlen\u00ed u rodi\u010d\u016f nebo st\u011bhov\u00e1n\u00ed?","url":"https:\/\/www.eberunka.cz\/bydleni-u-rodicu-nebo-stehovani\/","datePublished":"2025-10-12","dateModified":"2025-10-12","mainEntityOfPage":"https:\/\/www.eberunka.cz\/bydleni-u-rodicu-nebo-stehovani\/","author":{"@type":"Person","@id":"https:\/\/www.eberunka.cz\/author\/#Person","name":"","url":"https:\/\/www.eberunka.cz\/author\/","identifier":1,"image":{"@type":"ImageObject","@id":"https:\/\/secure.gravatar.com\/avatar\/232437c79d6ebbb41eb67b1526ce0bc08ee5047d6b1594dc05abcc3258d8e0b3?s=96&d=mm&r=g","url":"https:\/\/secure.gravatar.com\/avatar\/232437c79d6ebbb41eb67b1526ce0bc08ee5047d6b1594dc05abcc3258d8e0b3?s=96&d=mm&r=g","height":96,"width":96}},"publisher":{"@type":"Organization","name":"eberunka.cz","logo":{"@type":"ImageObject","@id":"\/logo.png","url":"\/logo.png","width":600,"height":60}},"image":{"@type":"ImageObject","@id":"https:\/\/www.eberunka.cz\/wp-content\/uploads\/construction-site-7237492_640.jpg","url":"https:\/\/www.eberunka.cz\/wp-content\/uploads\/construction-site-7237492_640.jpg","height":0,"width":0},"keywords":null},{"@type":"Article","@id":"https:\/\/www.eberunka.cz\/dostupne-bydleni-pro-mlade\/","headline":"Dostupn\u00e9 bydlen\u00ed pro mlad\u00e9","url":"https:\/\/www.eberunka.cz\/dostupne-bydleni-pro-mlade\/","datePublished":"2022-12-12","dateModified":"2023-05-05","mainEntityOfPage":"https:\/\/www.eberunka.cz\/dostupne-bydleni-pro-mlade\/","author":{"@type":"Person","@id":"https:\/\/www.eberunka.cz\/author\/#Person","name":"","url":"https:\/\/www.eberunka.cz\/author\/","identifier":1,"image":{"@type":"ImageObject","@id":"https:\/\/secure.gravatar.com\/avatar\/232437c79d6ebbb41eb67b1526ce0bc08ee5047d6b1594dc05abcc3258d8e0b3?s=96&d=mm&r=g","url":"https:\/\/secure.gravatar.com\/avatar\/232437c79d6ebbb41eb67b1526ce0bc08ee5047d6b1594dc05abcc3258d8e0b3?s=96&d=mm&r=g","height":96,"width":96}},"publisher":{"@type":"Organization","name":"eberunka.cz","logo":{"@type":"ImageObject","@id":"\/logo.png","url":"\/logo.png","width":600,"height":60}},"image":{"@type":"ImageObject","@id":"https:\/\/www.eberunka.cz\/wp-content\/uploads\/d%C5%AFm4_2.jpg","url":"https:\/\/www.eberunka.cz\/wp-content\/uploads\/d%C5%AFm4_2.jpg","height":0,"width":0},"keywords":null},{"@type":"Article","@id":"https:\/\/www.eberunka.cz\/dum-nemusi-byt-vzdy-domovem\/","headline":"D\u016fm nemus\u00ed b\u00fdt v\u017edy domovem","url":"https:\/\/www.eberunka.cz\/dum-nemusi-byt-vzdy-domovem\/","datePublished":"2022-02-04","dateModified":"2023-05-05","mainEntityOfPage":"https:\/\/www.eberunka.cz\/dum-nemusi-byt-vzdy-domovem\/","author":{"@type":"Person","@id":"https:\/\/www.eberunka.cz\/author\/#Person","name":"","url":"https:\/\/www.eberunka.cz\/author\/","identifier":1,"image":{"@type":"ImageObject","@id":"https:\/\/secure.gravatar.com\/avatar\/232437c79d6ebbb41eb67b1526ce0bc08ee5047d6b1594dc05abcc3258d8e0b3?s=96&d=mm&r=g","url":"https:\/\/secure.gravatar.com\/avatar\/232437c79d6ebbb41eb67b1526ce0bc08ee5047d6b1594dc05abcc3258d8e0b3?s=96&d=mm&r=g","height":96,"width":96}},"publisher":{"@type":"Organization","name":"eberunka.cz","logo":{"@type":"ImageObject","@id":"\/logo.png","url":"\/logo.png","width":600,"height":60}},"image":{"@type":"ImageObject","@id":"https:\/\/www.eberunka.cz\/wp-content\/uploads\/sv%C4%9Btl%C3%BD%20interi%C3%A9r.jpeg","url":"https:\/\/www.eberunka.cz\/wp-content\/uploads\/sv%C4%9Btl%C3%BD%20interi%C3%A9r.jpeg","height":0,"width":0},"keywords":null},{"@type":"Article","@id":"https:\/\/www.eberunka.cz\/travnik-jako-z-katalogu\/","headline":"Tr\u00e1vn\u00edk jako z katalogu","url":"https:\/\/www.eberunka.cz\/travnik-jako-z-katalogu\/","datePublished":"2022-01-13","dateModified":"2023-05-05","mainEntityOfPage":"https:\/\/www.eberunka.cz\/travnik-jako-z-katalogu\/","author":{"@type":"Person","@id":"https:\/\/www.eberunka.cz\/author\/#Person","name":"","url":"https:\/\/www.eberunka.cz\/author\/","identifier":1,"image":{"@type":"ImageObject","@id":"https:\/\/secure.gravatar.com\/avatar\/232437c79d6ebbb41eb67b1526ce0bc08ee5047d6b1594dc05abcc3258d8e0b3?s=96&d=mm&r=g","url":"https:\/\/secure.gravatar.com\/avatar\/232437c79d6ebbb41eb67b1526ce0bc08ee5047d6b1594dc05abcc3258d8e0b3?s=96&d=mm&r=g","height":96,"width":96}},"publisher":{"@type":"Organization","name":"eberunka.cz","logo":{"@type":"ImageObject","@id":"\/logo.png","url":"\/logo.png","width":600,"height":60}},"image":{"@type":"ImageObject","@id":"https:\/\/www.eberunka.cz\/wp-content\/uploads\/sek%C3%A1n%C3%AD%20tr%C3%A1vy_1.jpg","url":"https:\/\/www.eberunka.cz\/wp-content\/uploads\/sek%C3%A1n%C3%AD%20tr%C3%A1vy_1.jpg","height":0,"width":0},"keywords":null},{"@type":"Article","@id":"https:\/\/www.eberunka.cz\/obydli-ktere-by-vas-nemelo-zklamat-nejen-cenou\/","headline":"Obydl\u00ed, kter\u00e9 by v\u00e1s nem\u011blo zklamat nejen cenou","url":"https:\/\/www.eberunka.cz\/obydli-ktere-by-vas-nemelo-zklamat-nejen-cenou\/","datePublished":"2020-11-15","dateModified":"2023-05-05","mainEntityOfPage":"https:\/\/www.eberunka.cz\/obydli-ktere-by-vas-nemelo-zklamat-nejen-cenou\/","author":{"@type":"Person","@id":"https:\/\/www.eberunka.cz\/author\/#Person","name":"","url":"https:\/\/www.eberunka.cz\/author\/","identifier":1,"image":{"@type":"ImageObject","@id":"https:\/\/secure.gravatar.com\/avatar\/232437c79d6ebbb41eb67b1526ce0bc08ee5047d6b1594dc05abcc3258d8e0b3?s=96&d=mm&r=g","url":"https:\/\/secure.gravatar.com\/avatar\/232437c79d6ebbb41eb67b1526ce0bc08ee5047d6b1594dc05abcc3258d8e0b3?s=96&d=mm&r=g","height":96,"width":96}},"publisher":{"@type":"Organization","name":"eberunka.cz","logo":{"@type":"ImageObject","@id":"\/logo.png","url":"\/logo.png","width":600,"height":60}},"image":{"@type":"ImageObject","@id":"https:\/\/www.eberunka.cz\/wp-content\/uploads\/Dome%C4%8Dek.jpg","url":"https:\/\/www.eberunka.cz\/wp-content\/uploads\/Dome%C4%8Dek.jpg","height":0,"width":0},"keywords":null},{"@type":"Article","@id":"https:\/\/www.eberunka.cz\/prodluzte-sezonu-venkovniho-posezeni\/","headline":"Prodlu\u017ete sezonu venkovn\u00edho posezen\u00ed","url":"https:\/\/www.eberunka.cz\/prodluzte-sezonu-venkovniho-posezeni\/","datePublished":"2020-02-21","dateModified":"2023-05-05","mainEntityOfPage":"https:\/\/www.eberunka.cz\/prodluzte-sezonu-venkovniho-posezeni\/","author":{"@type":"Person","@id":"https:\/\/www.eberunka.cz\/author\/#Person","name":"","url":"https:\/\/www.eberunka.cz\/author\/","identifier":1,"image":{"@type":"ImageObject","@id":"https:\/\/secure.gravatar.com\/avatar\/232437c79d6ebbb41eb67b1526ce0bc08ee5047d6b1594dc05abcc3258d8e0b3?s=96&d=mm&r=g","url":"https:\/\/secure.gravatar.com\/avatar\/232437c79d6ebbb41eb67b1526ce0bc08ee5047d6b1594dc05abcc3258d8e0b3?s=96&d=mm&r=g","height":96,"width":96}},"publisher":{"@type":"Organization","name":"eberunka.cz","logo":{"@type":"ImageObject","@id":"\/logo.png","url":"\/logo.png","width":600,"height":60}},"image":{"@type":"ImageObject","@id":"https:\/\/www.eberunka.cz\/wp-content\/uploads\/img_a371288_w2454_t1582778425.jpg","url":"https:\/\/www.eberunka.cz\/wp-content\/uploads\/img_a371288_w2454_t1582778425.jpg","height":0,"width":0},"keywords":null}]}