[{"@context":"https:\/\/schema.org\/","@type":"Article","@id":"https:\/\/www.eberunka.cz\/kdyz-boty-neladi\/#Article","mainEntityOfPage":"https:\/\/www.eberunka.cz\/kdyz-boty-neladi\/","headline":"Kdy\u017e boty nelad\u00ed","name":"Kdy\u017e boty nelad\u00ed","description":"U\u017e je d\u00e1vno pry\u010d doba, kdy se na v\u0161echny form\u00e1ln\u00ed p\u0159\u00edle\u017eitosti bral \u010dern\u00fd oblak a boty, a\u0165 u\u017e to byla svatba, poh\u0159eb, \u00fa\u0159ad, soud nebo cokoliv jin\u00e9ho. Od toho se taky \u010desk\u00fdm mu\u017e\u016fm v\u00a0zahrani\u010d\u00ed \u0159\u00edk\u00e1 \u201emu\u017ei v\u00a0\u010dern\u00e9m\u201c dle stejnojmenn\u00e9ho filmu,... <a class=\"more-link\" href=\"https:\/\/www.eberunka.cz\/kdyz-boty-neladi\/\">Pokra\u010dovat ve \u010dten\u00ed &rarr;<\/a>","datePublished":"2018-01-04","dateModified":"2023-05-05","author":{"@type":"Person","@id":"https:\/\/www.eberunka.cz\/author\/#Person","name":"","url":"https:\/\/www.eberunka.cz\/author\/","identifier":1,"image":{"@type":"ImageObject","@id":"https:\/\/secure.gravatar.com\/avatar\/232437c79d6ebbb41eb67b1526ce0bc08ee5047d6b1594dc05abcc3258d8e0b3?s=96&d=mm&r=g","url":"https:\/\/secure.gravatar.com\/avatar\/232437c79d6ebbb41eb67b1526ce0bc08ee5047d6b1594dc05abcc3258d8e0b3?s=96&d=mm&r=g","height":96,"width":96}},"publisher":{"@type":"Organization","name":"eberunka.cz","logo":{"@type":"ImageObject","@id":"\/logo.png","url":"\/logo.png","width":600,"height":60}},"image":{"@type":"ImageObject","@id":"https:\/\/www.eberunka.cz\/wp-content\/uploads\/img_a309203_w2454_t1520194602.jpg","url":"https:\/\/www.eberunka.cz\/wp-content\/uploads\/img_a309203_w2454_t1520194602.jpg","height":0,"width":0},"url":"https:\/\/www.eberunka.cz\/kdyz-boty-neladi\/","about":["Zv\u00ed\u0159ata"],"wordCount":412,"articleBody":"\tU\u017e je d\u00e1vno pry\u010d doba, kdy se na v\u0161echny form\u00e1ln\u00ed p\u0159\u00edle\u017eitosti bral \u010dern\u00fd oblak a boty, a\u0165 u\u017e to byla svatba, poh\u0159eb, \u00fa\u0159ad, soud nebo cokoliv jin\u00e9ho. Od toho se taky \u010desk\u00fdm mu\u017e\u016fm v\u00a0zahrani\u010d\u00ed \u0159\u00edk\u00e1 \u201emu\u017ei v\u00a0\u010dern\u00e9m\u201c dle stejnojmenn\u00e9ho filmu, proto\u017ee taky v\u0161ude chod\u00ed v\u00a0\u010dern\u00e9m. Zaryt\u00e9 stigma tak\u00e9 podporuj\u00ed dal\u0161\u00ed m\u00f3dn\u00ed ne\u0161vary \u010desk\u00fdch mu\u017e\u016f, jako nechu\u0165 experimentovat a naprosto otup\u011bl\u00fd smysl pro detail.\t\tHn\u011bd\u00e9 boty k\u00a0\u010dern\u00fdm kalhot\u00e1m? Pro\u010d ne?\tTraduje pravidlo, \u017ee hn\u011bd\u00e9 boty se zkr\u00e1tka k\u00a0\u010dern\u00fdm kalhot\u00e1m nenos\u00ed, proto\u017ee se tvrd\u00ed, \u017ee hn\u011bd\u00e1 a \u010dern\u00e1 jsou ob\u011b velmi dominantn\u00ed barvy, kter\u00e9 se nelib\u011b p\u0159ekr\u00fdvaj\u00ed. Ale nejeden m\u00f3dn\u00ed expert tvrd\u00ed jinak. Pokud jde o tmav\u011b hn\u011bd\u00e9 polobotky, tak ty naopak odv\u00e1\u017en\u011b \u010dern\u00e9 kalhoty dopl\u0148uj\u00ed a tvo\u0159\u00ed tak vcelku zaj\u00edmavou kombinaci, kter\u00e1 se hod\u00ed ur\u010dit\u011b do ka\u017edodenn\u00edho no\u0161en\u00ed. Je t\u0159eba poznamenat, \u017ee hn\u011bd\u00e1 obuv se hod\u00ed sp\u00ed\u0161e p\u0159es den a nap\u0159\u00edklad na form\u00e1ln\u00ed ud\u00e1losti a plesy se vyplat\u00ed po\u0159\u00eddit si obuv \u010dernou, kter\u00e1 je univerz\u00e1ln\u00ed a hod\u00ed se ke v\u0161emu. Sv\u011btle hn\u011bd\u00e9 boty v\u0161ak k\u00a0\u010dern\u00fdm kalhot\u00e1m ned\u00e1v\u00e1me.\tBarevn\u00e9 boty?\tTaky m\u016f\u017eou b\u00fdt! Z\u00e1le\u017e\u00ed na tom, jak\u00e1 barva, jak v\u00fdrazn\u00e1 a jak moc se hod\u00ed k\u00a0dan\u00fdm kalhot\u00e1m. \u010ce\u0161t\u00ed mu\u017ei neradi experimentuj\u00ed a nejrad\u011bji by m\u011bli jeden \u010dern\u00fd oblek a jeden \u010dern\u00fd p\u00e1r bot na v\u0161echno, i kdy\u017e je pravda, \u017ee zvl\u00e1\u0161t\u011b v\u00a0byznysu a vrcholn\u00fdch mana\u017eersk\u00fdch pozic\u00edch se i toto v\u00fdrazn\u011b m\u011bn\u00ed, po velk\u00e9 odezv\u011b z\u00e1padu, kter\u00fd se pon\u011bkud \u00fasm\u011bvn\u011b d\u00edv\u00e1 na jak\u00e9hokoliv \u010desk\u00e9ho mana\u017eera, kter\u00fd vystoup\u00ed z\u00a0auta v\u00a0\u010dern\u00e9m. Nap\u0159\u00edklad \u010derven\u00e1 obuv tak\u00e9 nemus\u00ed b\u00fdt \u00fapln\u011b k\u00a0zahozen\u00ed a nap\u0159\u00edklad v\u00a0letn\u00edch dnech proz\u00e1\u0159\u00ed cel\u00fd outfit.\t\u00a0\t\u010cesk\u00fdm mu\u017e\u016fm v\u0161ak v\u011b\u0159\u00edme a douf\u00e1me, \u017ee se postupn\u011b tento trend bude m\u011bnit. Samoz\u0159ejm\u011b, p\u00e9\u010de o obuv, aby byla \u010dist\u00e1, to je samoz\u0159ejm\u00fd z\u00e1klad a v\u016fbec se o tom nepolemizuje, nebo\u0165 jak m\u016f\u017eete \u010dlov\u011bku n\u011bco sv\u011b\u0159it, kdy\u017e se neum\u00ed postarat ani o sv\u00e9 vlastn\u00ed boty.                                                                                                                                                                                                                                                                                                                                                                                        4.5\/5 - (6 votes)        "},{"@context":"https:\/\/schema.org\/","@type":"BreadcrumbList","itemListElement":[{"@type":"ListItem","position":1,"name":"Kdy\u017e boty nelad\u00ed","item":"https:\/\/www.eberunka.cz\/kdyz-boty-neladi\/#breadcrumbitem"}]}]