[{"@context":"https:\/\/schema.org\/","@type":"Article","@id":"https:\/\/www.eberunka.cz\/kdyz-vam-predcita-celebrita\/#Article","mainEntityOfPage":"https:\/\/www.eberunka.cz\/kdyz-vam-predcita-celebrita\/","headline":"Kdy\u017e V\u00e1m p\u0159ed\u010d\u00edt\u00e1 celebrita","name":"Kdy\u017e V\u00e1m p\u0159ed\u010d\u00edt\u00e1 celebrita","description":"\u00dapln\u011b poprv\u00e9 se v\u00a0\u010cesk\u00e9 republice Noc literatury konala v\u00a0roce 2009 v\u00a0Praze. A\u017e v\u00a0roce 2012 se p\u0159idalo i Brno. Po\u010d\u00ednaje ro\u010dn\u00edkem 2014 u\u017e se z\u00fa\u010dastnilo n\u011bkolik m\u011bst nap\u0159\u00ed\u010d republikou, jejich\u017e po\u010det ka\u017ed\u00fdm rokem roste. Letos u\u017e jich bylo dokonce p\u0159es pades\u00e1t.... <a class=\"more-link\" href=\"https:\/\/www.eberunka.cz\/kdyz-vam-predcita-celebrita\/\">Pokra\u010dovat ve \u010dten\u00ed &rarr;<\/a>","datePublished":"2018-04-07","dateModified":"2023-05-05","author":{"@type":"Person","@id":"https:\/\/www.eberunka.cz\/author\/#Person","name":"","url":"https:\/\/www.eberunka.cz\/author\/","identifier":1,"image":{"@type":"ImageObject","@id":"https:\/\/secure.gravatar.com\/avatar\/232437c79d6ebbb41eb67b1526ce0bc08ee5047d6b1594dc05abcc3258d8e0b3?s=96&d=mm&r=g","url":"https:\/\/secure.gravatar.com\/avatar\/232437c79d6ebbb41eb67b1526ce0bc08ee5047d6b1594dc05abcc3258d8e0b3?s=96&d=mm&r=g","height":96,"width":96}},"publisher":{"@type":"Organization","name":"eberunka.cz","logo":{"@type":"ImageObject","@id":"\/logo.png","url":"\/logo.png","width":600,"height":60}},"image":{"@type":"ImageObject","@id":"https:\/\/www.eberunka.cz\/wp-content\/uploads\/img_a317674_w2454_t1528400178.jpg","url":"https:\/\/www.eberunka.cz\/wp-content\/uploads\/img_a317674_w2454_t1528400178.jpg","height":0,"width":0},"url":"https:\/\/www.eberunka.cz\/kdyz-vam-predcita-celebrita\/","about":["D\u011bti"],"wordCount":413,"articleBody":"\u00dapln\u011b poprv\u00e9 se v\u00a0\u010cesk\u00e9 republice Noc literatury konala v\u00a0roce 2009 v\u00a0Praze. A\u017e v\u00a0roce 2012 se p\u0159idalo i Brno. Po\u010d\u00ednaje ro\u010dn\u00edkem 2014 u\u017e se z\u00fa\u010dastnilo n\u011bkolik m\u011bst nap\u0159\u00ed\u010d republikou, jejich\u017e po\u010det ka\u017ed\u00fdm rokem roste. Letos u\u017e jich bylo dokonce p\u0159es pades\u00e1t. P\u0159esn\u00e9 datum kon\u00e1n\u00ed je pohybliv\u00e9, p\u0159i\u010dem\u017e zpravidla je stanoveno na ve\u010der p\u0159ed po\u010d\u00e1tkem Sv\u011bta knihy \u2013 nejv\u011bt\u0161\u00edho kni\u017en\u00edho veletrhu konan\u00e9ho na \u00fazem\u00ed \u010cesk\u00e9 republiky.Co si pod pojmem Noc literatury p\u0159edstavit?Jedn\u00e1 se o s\u00e9rii p\u0159ed\u010d\u00edt\u00e1n\u00ed z\u00a0nov\u011b vydan\u00fdch knih evropsk\u00fdch spisovatel\u016f. Odehr\u00e1v\u00e1 se na r\u016fzn\u00fdch m\u00edstech v\u00a0dan\u00e9m m\u011bst\u011b. Ka\u017edou uk\u00e1zku \u010dte slavn\u00e1 osobnost, a\u0165 u\u017e celorepublikov\u011b zn\u00e1m\u00e1, \u010di m\u00edstn\u011b v\u00fdznamn\u00e1. Pro p\u0159\u00edklad v\u00a0Mlad\u00e9 Boleslavi p\u0159ed\u010d\u00edtali Vanda Hybnerov\u00e1, , Ilona Svobodov\u00e1, Jan Tepl\u00fd, Miroslav Etzler, Daniel Bambas a d\u00e1le herci mladoboleslavsk\u00e9ho divadla Lucie Matou\u0161kov\u00e1, Eva Reiterov\u00e1, Martin Hrub\u00fd a Milan Liga\u010d.Jak cel\u00e1 akce prob\u00edh\u00e1?Za\u010d\u00e1tky ka\u017ed\u00e9ho \u010dten\u00ed jsou p\u0159esn\u011b dan\u00e9, p\u0159i\u010dem\u017e se opakuj\u00ed ka\u017ed\u00fdch 40 minut, a to celkem osmkr\u00e1t. T\u011bchto \u010dty\u0159icet minut je rozd\u011bleno na dvacet minut \u010dten\u00ed, druhou p\u016flku \u010dasu m\u00e1te na p\u0159esun na dal\u0161\u00ed zast\u00e1vku. V\u011bt\u0161ina p\u0159ed\u010d\u00edt\u00e1n\u00ed prob\u00edh\u00e1 v\u00a0kav\u00e1rn\u00e1ch, ale t\u00e9\u017e v\u00a0knihovn\u00e1ch, divadlech muze\u00edch, galeri\u00edch, \u010di radnic\u00edch. Chcete-li stihnout v\u0161echna, tak ka\u017ed\u00e9 stanovi\u0161t\u011b nav\u0161t\u00edv\u00edte jednou. K\u00a0dispozici jsou mapky s\u00a0p\u0159esn\u00fdmi informacemi, ale ur\u010dit\u011b se neztrat\u00edte, p\u016fjdete-li s\u00a0davem.Pro\u010d se z\u00fa\u010dastnit?Cel\u00e1 akce je velmi zaj\u00edmav\u00e1, p\u0159ed\u010d\u00edtaj\u00edc\u00ed se d\u00e1vaj\u00ed p\u0159ed za\u010d\u00e1tkem s\u00a0publikem do \u0159e\u010di, nav\u00edc jejich p\u0159ednes je na velmi profesion\u00e1ln\u00ed \u00farovni, najde se i prostor pro autogram a fotku. Po kr\u00e1tk\u00e9 proch\u00e1zce na dal\u0161\u00ed stanovi\u0161t\u011b si v\u00a0jedn\u00e9 kav\u00e1rn\u011b m\u016f\u017eete d\u00e1t k\u00e1vu a dort\u00edk, ve\u00a0druh\u00e9 skleni\u010dku v\u00edna, poslouch\u00e1te a nech\u00e1v\u00e1te se vt\u00e1hnout do d\u011bje p\u0159ed\u010d\u00edtan\u00e9 knihy. B\u011bhem ve\u010dera zaplat\u00edte jen to, co zkonzumujete. Vstupn\u00e9 je toti\u017e zdarma, ud\u00e1lost je organizov\u00e1na evropsk\u00fdmi institucemi se zastoupen\u00edm v\u00a0\u010cR.\u00a0                                                                                                                                                                                                                                                                                                                                                                                        4.3\/5 - (9 votes)        "},{"@context":"https:\/\/schema.org\/","@type":"BreadcrumbList","itemListElement":[{"@type":"ListItem","position":1,"name":"Kdy\u017e V\u00e1m p\u0159ed\u010d\u00edt\u00e1 celebrita","item":"https:\/\/www.eberunka.cz\/kdyz-vam-predcita-celebrita\/#breadcrumbitem"}]}]