[{"@context":"https:\/\/schema.org\/","@type":"Blog","@id":"https:\/\/www.eberunka.cz#Blog","headline":"E Berunka","description":"\nInternet je pln\u00fd v\u0161eho mo\u017en\u00e9ho. A v\u00a0takov\u00e9m mo\u0159i lec\u010deho by \u010dlov\u011bku hrav\u011b uniklo n\u011bco, co by uniknout nem\u011blo. A proto si v\u00e1s dovolujeme upozornit na n\u00e1\u0161 web.","url":"https:\/\/www.eberunka.cz","hasPart":[{"@type":"Article","@id":"https:\/\/www.eberunka.cz\/kdyz-vchodove-dvere-tak-z-plastu\/","headline":"Kdy\u017e vchodov\u00e9 dve\u0159e, tak z plastu","url":"https:\/\/www.eberunka.cz\/kdyz-vchodove-dvere-tak-z-plastu\/","datePublished":"2025-11-19","dateModified":"2025-11-19","mainEntityOfPage":"https:\/\/www.eberunka.cz\/kdyz-vchodove-dvere-tak-z-plastu\/","author":{"@type":"Person","@id":"https:\/\/www.eberunka.cz\/author\/#Person","name":"","url":"https:\/\/www.eberunka.cz\/author\/","identifier":1,"image":{"@type":"ImageObject","@id":"https:\/\/secure.gravatar.com\/avatar\/232437c79d6ebbb41eb67b1526ce0bc08ee5047d6b1594dc05abcc3258d8e0b3?s=96&d=mm&r=g","url":"https:\/\/secure.gravatar.com\/avatar\/232437c79d6ebbb41eb67b1526ce0bc08ee5047d6b1594dc05abcc3258d8e0b3?s=96&d=mm&r=g","height":96,"width":96}},"publisher":{"@type":"Organization","name":"eberunka.cz","logo":{"@type":"ImageObject","@id":"\/logo.png","url":"\/logo.png","width":600,"height":60}},"image":{"@type":"ImageObject","@id":"https:\/\/www.eberunka.cz\/wp-content\/uploads\/entrance-944471_640_9.jpg","url":"https:\/\/www.eberunka.cz\/wp-content\/uploads\/entrance-944471_640_9.jpg","height":0,"width":0},"wordCount":496,"keywords":null},{"@type":"Article","@id":"https:\/\/www.eberunka.cz\/financovani-prepravni-dodavky-pro-soukrome-zemedelce\/","headline":"Financov\u00e1n\u00ed p\u0159epravn\u00ed dod\u00e1vky pro soukrom\u00e9 zem\u011bd\u011blce","url":"https:\/\/www.eberunka.cz\/financovani-prepravni-dodavky-pro-soukrome-zemedelce\/","datePublished":"2025-11-14","dateModified":"2025-11-14","mainEntityOfPage":"https:\/\/www.eberunka.cz\/financovani-prepravni-dodavky-pro-soukrome-zemedelce\/","author":{"@type":"Person","@id":"https:\/\/www.eberunka.cz\/author\/#Person","name":"","url":"https:\/\/www.eberunka.cz\/author\/","identifier":1,"image":{"@type":"ImageObject","@id":"https:\/\/secure.gravatar.com\/avatar\/232437c79d6ebbb41eb67b1526ce0bc08ee5047d6b1594dc05abcc3258d8e0b3?s=96&d=mm&r=g","url":"https:\/\/secure.gravatar.com\/avatar\/232437c79d6ebbb41eb67b1526ce0bc08ee5047d6b1594dc05abcc3258d8e0b3?s=96&d=mm&r=g","height":96,"width":96}},"publisher":{"@type":"Organization","name":"eberunka.cz","logo":{"@type":"ImageObject","@id":"\/logo.png","url":"\/logo.png","width":600,"height":60}},"image":{"@type":"ImageObject","@id":"https:\/\/www.eberunka.cz\/wp-content\/uploads\/vineyard-8345243_640.jpg","url":"https:\/\/www.eberunka.cz\/wp-content\/uploads\/vineyard-8345243_640.jpg","height":0,"width":0},"wordCount":564,"keywords":null},{"@type":"Article","@id":"https:\/\/www.eberunka.cz\/bydleni-u-rodicu-nebo-stehovani\/","headline":"Bydlen\u00ed u rodi\u010d\u016f nebo st\u011bhov\u00e1n\u00ed?","url":"https:\/\/www.eberunka.cz\/bydleni-u-rodicu-nebo-stehovani\/","datePublished":"2025-10-12","dateModified":"2025-10-12","mainEntityOfPage":"https:\/\/www.eberunka.cz\/bydleni-u-rodicu-nebo-stehovani\/","author":{"@type":"Person","@id":"https:\/\/www.eberunka.cz\/author\/#Person","name":"","url":"https:\/\/www.eberunka.cz\/author\/","identifier":1,"image":{"@type":"ImageObject","@id":"https:\/\/secure.gravatar.com\/avatar\/232437c79d6ebbb41eb67b1526ce0bc08ee5047d6b1594dc05abcc3258d8e0b3?s=96&d=mm&r=g","url":"https:\/\/secure.gravatar.com\/avatar\/232437c79d6ebbb41eb67b1526ce0bc08ee5047d6b1594dc05abcc3258d8e0b3?s=96&d=mm&r=g","height":96,"width":96}},"publisher":{"@type":"Organization","name":"eberunka.cz","logo":{"@type":"ImageObject","@id":"\/logo.png","url":"\/logo.png","width":600,"height":60}},"image":{"@type":"ImageObject","@id":"https:\/\/www.eberunka.cz\/wp-content\/uploads\/construction-site-7237492_640.jpg","url":"https:\/\/www.eberunka.cz\/wp-content\/uploads\/construction-site-7237492_640.jpg","height":0,"width":0},"wordCount":560,"keywords":null},{"@type":"Article","@id":"https:\/\/www.eberunka.cz\/plastova-okna-na-chate-s-celorocnim-provozem\/","headline":"Plastov\u00e1 okna na chat\u011b s celoro\u010dn\u00edm provozem","url":"https:\/\/www.eberunka.cz\/plastova-okna-na-chate-s-celorocnim-provozem\/","datePublished":"2025-10-08","dateModified":"2025-10-08","mainEntityOfPage":"https:\/\/www.eberunka.cz\/plastova-okna-na-chate-s-celorocnim-provozem\/","author":{"@type":"Person","@id":"https:\/\/www.eberunka.cz\/author\/#Person","name":"","url":"https:\/\/www.eberunka.cz\/author\/","identifier":1,"image":{"@type":"ImageObject","@id":"https:\/\/secure.gravatar.com\/avatar\/232437c79d6ebbb41eb67b1526ce0bc08ee5047d6b1594dc05abcc3258d8e0b3?s=96&d=mm&r=g","url":"https:\/\/secure.gravatar.com\/avatar\/232437c79d6ebbb41eb67b1526ce0bc08ee5047d6b1594dc05abcc3258d8e0b3?s=96&d=mm&r=g","height":96,"width":96}},"publisher":{"@type":"Organization","name":"eberunka.cz","logo":{"@type":"ImageObject","@id":"\/logo.png","url":"\/logo.png","width":600,"height":60}},"image":{"@type":"ImageObject","@id":"https:\/\/www.eberunka.cz\/wp-content\/uploads\/home-1622401_640_10_10_10_9.jpg","url":"https:\/\/www.eberunka.cz\/wp-content\/uploads\/home-1622401_640_10_10_10_9.jpg","height":0,"width":0},"wordCount":635,"keywords":null},{"@type":"Article","@id":"https:\/\/www.eberunka.cz\/kvalita-je-podstatna\/","headline":"Kvalita je podstatn\u00e1","url":"https:\/\/www.eberunka.cz\/kvalita-je-podstatna\/","datePublished":"2025-08-27","dateModified":"2025-08-27","mainEntityOfPage":"https:\/\/www.eberunka.cz\/kvalita-je-podstatna\/","author":{"@type":"Person","@id":"https:\/\/www.eberunka.cz\/author\/#Person","name":"","url":"https:\/\/www.eberunka.cz\/author\/","identifier":1,"image":{"@type":"ImageObject","@id":"https:\/\/secure.gravatar.com\/avatar\/232437c79d6ebbb41eb67b1526ce0bc08ee5047d6b1594dc05abcc3258d8e0b3?s=96&d=mm&r=g","url":"https:\/\/secure.gravatar.com\/avatar\/232437c79d6ebbb41eb67b1526ce0bc08ee5047d6b1594dc05abcc3258d8e0b3?s=96&d=mm&r=g","height":96,"width":96}},"publisher":{"@type":"Organization","name":"eberunka.cz","logo":{"@type":"ImageObject","@id":"\/logo.png","url":"\/logo.png","width":600,"height":60}},"image":null,"wordCount":263,"keywords":null},{"@type":"Article","@id":"https:\/\/www.eberunka.cz\/zazrak-na-dosah-ruky\/","headline":"Z\u00e1zrak na dosah ruky","url":"https:\/\/www.eberunka.cz\/zazrak-na-dosah-ruky\/","datePublished":"2025-08-24","dateModified":"2025-08-24","mainEntityOfPage":"https:\/\/www.eberunka.cz\/zazrak-na-dosah-ruky\/","author":{"@type":"Person","@id":"https:\/\/www.eberunka.cz\/author\/#Person","name":"","url":"https:\/\/www.eberunka.cz\/author\/","identifier":1,"image":{"@type":"ImageObject","@id":"https:\/\/secure.gravatar.com\/avatar\/232437c79d6ebbb41eb67b1526ce0bc08ee5047d6b1594dc05abcc3258d8e0b3?s=96&d=mm&r=g","url":"https:\/\/secure.gravatar.com\/avatar\/232437c79d6ebbb41eb67b1526ce0bc08ee5047d6b1594dc05abcc3258d8e0b3?s=96&d=mm&r=g","height":96,"width":96}},"publisher":{"@type":"Organization","name":"eberunka.cz","logo":{"@type":"ImageObject","@id":"\/logo.png","url":"\/logo.png","width":600,"height":60}},"image":null,"wordCount":259,"keywords":null},{"@type":"Article","@id":"https:\/\/www.eberunka.cz\/strasak-jmenem-menopauza\/","headline":"Stra\u0161\u00e1k jm\u00e9nem menopauza","url":"https:\/\/www.eberunka.cz\/strasak-jmenem-menopauza\/","datePublished":"2025-08-14","dateModified":"2025-08-14","mainEntityOfPage":"https:\/\/www.eberunka.cz\/strasak-jmenem-menopauza\/","author":{"@type":"Person","@id":"https:\/\/www.eberunka.cz\/author\/#Person","name":"","url":"https:\/\/www.eberunka.cz\/author\/","identifier":1,"image":{"@type":"ImageObject","@id":"https:\/\/secure.gravatar.com\/avatar\/232437c79d6ebbb41eb67b1526ce0bc08ee5047d6b1594dc05abcc3258d8e0b3?s=96&d=mm&r=g","url":"https:\/\/secure.gravatar.com\/avatar\/232437c79d6ebbb41eb67b1526ce0bc08ee5047d6b1594dc05abcc3258d8e0b3?s=96&d=mm&r=g","height":96,"width":96}},"publisher":{"@type":"Organization","name":"eberunka.cz","logo":{"@type":"ImageObject","@id":"\/logo.png","url":"\/logo.png","width":600,"height":60}},"image":null,"wordCount":210,"keywords":null},{"@type":"Article","@id":"https:\/\/www.eberunka.cz\/luxusni-zalezitost\/","headline":"Luxusn\u00ed z\u00e1le\u017eitost","url":"https:\/\/www.eberunka.cz\/luxusni-zalezitost\/","datePublished":"2025-08-11","dateModified":"2025-08-11","mainEntityOfPage":"https:\/\/www.eberunka.cz\/luxusni-zalezitost\/","author":{"@type":"Person","@id":"https:\/\/www.eberunka.cz\/author\/#Person","name":"","url":"https:\/\/www.eberunka.cz\/author\/","identifier":1,"image":{"@type":"ImageObject","@id":"https:\/\/secure.gravatar.com\/avatar\/232437c79d6ebbb41eb67b1526ce0bc08ee5047d6b1594dc05abcc3258d8e0b3?s=96&d=mm&r=g","url":"https:\/\/secure.gravatar.com\/avatar\/232437c79d6ebbb41eb67b1526ce0bc08ee5047d6b1594dc05abcc3258d8e0b3?s=96&d=mm&r=g","height":96,"width":96}},"publisher":{"@type":"Organization","name":"eberunka.cz","logo":{"@type":"ImageObject","@id":"\/logo.png","url":"\/logo.png","width":600,"height":60}},"image":null,"wordCount":223,"keywords":null},{"@type":"Article","@id":"https:\/\/www.eberunka.cz\/vas-obytny-prostor-muzeme-zvetsit\/","headline":"V\u00e1\u0161 obytn\u00fd prostor m\u016f\u017eeme zv\u011bt\u0161it","url":"https:\/\/www.eberunka.cz\/vas-obytny-prostor-muzeme-zvetsit\/","datePublished":"2025-08-05","dateModified":"2025-08-05","mainEntityOfPage":"https:\/\/www.eberunka.cz\/vas-obytny-prostor-muzeme-zvetsit\/","author":{"@type":"Person","@id":"https:\/\/www.eberunka.cz\/author\/#Person","name":"","url":"https:\/\/www.eberunka.cz\/author\/","identifier":1,"image":{"@type":"ImageObject","@id":"https:\/\/secure.gravatar.com\/avatar\/232437c79d6ebbb41eb67b1526ce0bc08ee5047d6b1594dc05abcc3258d8e0b3?s=96&d=mm&r=g","url":"https:\/\/secure.gravatar.com\/avatar\/232437c79d6ebbb41eb67b1526ce0bc08ee5047d6b1594dc05abcc3258d8e0b3?s=96&d=mm&r=g","height":96,"width":96}},"publisher":{"@type":"Organization","name":"eberunka.cz","logo":{"@type":"ImageObject","@id":"\/logo.png","url":"\/logo.png","width":600,"height":60}},"image":null,"wordCount":201,"keywords":null},{"@type":"Article","@id":"https:\/\/www.eberunka.cz\/vybirame-rost-pro-postelovou-matraci\/","headline":"Vyb\u00edr\u00e1me ro\u0161t pro postelovou matraci","url":"https:\/\/www.eberunka.cz\/vybirame-rost-pro-postelovou-matraci\/","datePublished":"2025-08-01","dateModified":"2025-08-01","mainEntityOfPage":"https:\/\/www.eberunka.cz\/vybirame-rost-pro-postelovou-matraci\/","author":{"@type":"Person","@id":"https:\/\/www.eberunka.cz\/author\/#Person","name":"","url":"https:\/\/www.eberunka.cz\/author\/","identifier":1,"image":{"@type":"ImageObject","@id":"https:\/\/secure.gravatar.com\/avatar\/232437c79d6ebbb41eb67b1526ce0bc08ee5047d6b1594dc05abcc3258d8e0b3?s=96&d=mm&r=g","url":"https:\/\/secure.gravatar.com\/avatar\/232437c79d6ebbb41eb67b1526ce0bc08ee5047d6b1594dc05abcc3258d8e0b3?s=96&d=mm&r=g","height":96,"width":96}},"publisher":{"@type":"Organization","name":"eberunka.cz","logo":{"@type":"ImageObject","@id":"\/logo.png","url":"\/logo.png","width":600,"height":60}},"image":{"@type":"ImageObject","@id":"https:\/\/www.eberunka.cz\/wp-content\/uploads\/bedroom-4786791_640_1.jpg","url":"https:\/\/www.eberunka.cz\/wp-content\/uploads\/bedroom-4786791_640_1.jpg","height":0,"width":0},"wordCount":609,"keywords":null}]},{"@context":"https:\/\/schema.org","@type":"WebSite","@id":"https:\/\/www.eberunka.cz\/#website","name":"E Berunka","url":"https:\/\/www.eberunka.cz","potentialAction":{"@type":"SearchAction","target":"https:\/\/www.eberunka.cz\/?s={search_term_string}","query-input":"required name=search_term_string"}}]