[{"@context":"https:\/\/schema.org\/","@type":"Article","@id":"https:\/\/www.eberunka.cz\/rekonstruujeme-rodinny-dum\/#Article","mainEntityOfPage":"https:\/\/www.eberunka.cz\/rekonstruujeme-rodinny-dum\/","headline":"Rekonstruujeme rodinn\u00fd d\u016fm","name":"Rekonstruujeme rodinn\u00fd d\u016fm","description":"Chyst\u00e1te se k rekonstrukci rodinn\u00e9ho domu, jej\u00ed\u017e sou\u010d\u00e1st\u00ed bude i schodi\u0161t\u011b, p\u0159\u00edzemn\u00ed venkovn\u00ed terasa a balkon? A u\u017e m\u00e1te p\u0159edstavu o tom, jak tyto prostory zveleb\u00edte a uprav\u00edte do kone\u010dn\u00e9 podoby? Pokud je\u0161t\u011b ne a st\u00e1le v\u00e1h\u00e1te a vyb\u00edr\u00e1te vhodnou... <a class=\"more-link\" href=\"https:\/\/www.eberunka.cz\/rekonstruujeme-rodinny-dum\/\">Pokra\u010dovat ve \u010dten\u00ed &rarr;<\/a>","datePublished":"2025-06-11","dateModified":"2025-06-11","author":{"@type":"Person","@id":"https:\/\/www.eberunka.cz\/author\/#Person","name":"","url":"https:\/\/www.eberunka.cz\/author\/","identifier":1,"image":{"@type":"ImageObject","@id":"https:\/\/secure.gravatar.com\/avatar\/232437c79d6ebbb41eb67b1526ce0bc08ee5047d6b1594dc05abcc3258d8e0b3?s=96&d=mm&r=g","url":"https:\/\/secure.gravatar.com\/avatar\/232437c79d6ebbb41eb67b1526ce0bc08ee5047d6b1594dc05abcc3258d8e0b3?s=96&d=mm&r=g","height":96,"width":96}},"publisher":{"@type":"Organization","name":"eberunka.cz","logo":{"@type":"ImageObject","@id":"\/logo.png","url":"\/logo.png","width":600,"height":60}},"image":{"@type":"ImageObject","@id":"https:\/\/www.eberunka.cz\/wp-content\/uploads\/house-7609267_640_8.jpg","url":"https:\/\/www.eberunka.cz\/wp-content\/uploads\/house-7609267_640_8.jpg","height":0,"width":0},"url":"https:\/\/www.eberunka.cz\/rekonstruujeme-rodinny-dum\/","about":["Zbo\u017e\u00ed"],"wordCount":447,"articleBody":"       Chyst\u00e1te se k rekonstrukci rodinn\u00e9ho domu, jej\u00ed\u017e sou\u010d\u00e1st\u00ed bude i schodi\u0161t\u011b, p\u0159\u00edzemn\u00ed venkovn\u00ed terasa a balkon? A u\u017e m\u00e1te p\u0159edstavu o tom, jak tyto prostory zveleb\u00edte a uprav\u00edte do kone\u010dn\u00e9 podoby? Pokud je\u0161t\u011b ne a st\u00e1le v\u00e1h\u00e1te a vyb\u00edr\u00e1te vhodnou stavebn\u00ed spole\u010dnost, pak bychom v\u00e1m r\u00e1di p\u0159edstavili na\u0161i nab\u00eddku kmkdesign.cz:Nejv\u011bt\u0161\u00ed \u00fasp\u011bch \u010desk\u00e9ho fotbalu \u2013 v\u00edte, jak\u00fd je dosud nejv\u011bt\u0161\u00ed \u00fasp\u011bch \u010desk\u00e9ho fotbalu od doby rozd\u011blen\u00ed republiky v lednu 1993? Je to ono zn\u00e1m\u00e9 Euro 96, Mistrovstv\u00ed Evropy v kopan\u00e9, kdy na\u0161i reprezentanti a\u017e teprve ve fin\u00e1le podlehli velice t\u011bsn\u011b N\u011bmecku 2:1, a to a\u017e v prodlou\u017een\u00ed. Byl to z hlediska \u010desk\u00e9ho sportu v\u00fdznamn\u00fd rok a vy si ten rok te\u010f mo\u017en\u00e1 budete l\u00e9pe pamatovat i proto, \u017ee na\u0161e firma za\u010dala p\u0159esn\u011b v t\u00e9to dob\u011b zhotovovat a instalovat prvn\u00ed stabiln\u00ed a p\u0159esn\u00e9 schody.Schodi\u0161t\u011b \u2013 v\u00fdstavba vnit\u0159n\u00edch i venkovn\u00edch schodi\u0161\u0165 vy\u017eaduje odborn\u00e9 znalosti a dovednosti a vhod p\u0159ijde i dostatek zku\u0161enost\u00ed z p\u0159ede\u0161l\u00e9 praxe. Schodi\u0161t\u011b \u2013 to dnes nejsou jen oby\u010dejn\u00e9 p\u0159\u00edm\u00e9 schody vedouc\u00ed do patra, mnoho schodi\u0161\u0165 zauj\u00edm\u00e1 velmi rozmanit\u00e9 tvary, mohou b\u00fdt spir\u00e1lov\u00e9, zalomen\u00e9 v n\u011bkolika bodech, mohou sest\u00e1vat ze d\u0159eva, z oceli, z tvrzen\u00e9ho skla nebo kombinace t\u011bchto materi\u00e1l\u016f. Mohou navz\u00e1jem propojit dv\u011b patra a v p\u0159\u00edpad\u011b to\u010dit\u00e9ho schodi\u0161t\u011b v jednom m\u00edst\u011b t\u0159eba i cel\u00fd obytn\u00fd d\u016fm ve \u010dty\u0159ech patrech.Z\u00e1bradl\u00ed na balkon \u2013 od jedn\u00e9 firmy lze popt\u00e1vat i balkonov\u00e1 z\u00e1bradl\u00ed. Zde se op\u011bt nab\u00edz\u00ed cel\u00e1 \u0159ada mo\u017enost\u00ed, d\u016fle\u017eit\u00e9 je shodnout se na v\u00fdb\u011bru vhodn\u00e9 varianty se v\u0161emi obyvateli domu a pak u\u017e mohou nastoupit specialist\u00e9 a za\u010d\u00edt vytv\u00e1\u0159et po\u017eadovan\u00e9  https:\/\/www.novinky.cz\/ekonomika\/438253-recky-parlament-schvalil-reformy-pozadovane-zahranicnimi-veriteli.html \u0159e\u0161en\u00ed. Schody a z\u00e1bradl\u00ed na terase \u2013 je-li va\u0161e p\u0159\u00edzemn\u00ed terasa um\u00edst\u011bna ve svahu a vedou k n\u00ed sch\u016fdky, kter\u00e9 jsou v dezol\u00e1tn\u00edm stavu a pom\u011brn\u011b nebezpe\u010dn\u00e9, lze tuto koncepci pozm\u011bnit v bezpe\u010dn\u00e9m duchu a vybavit prost\u0159ed\u00ed modern\u00edmi, ale z\u00e1rove\u0148 bezpe\u010dn\u00fdmi prvky. Nap\u0159\u00edklad terasu osad\u00edte nerezov\u00fdm z\u00e1bradl\u00edm nebo z\u00e1bradl\u00edm z tvrzen\u00e9ho skla a z\u00edsk\u00e1te t\u00edm neot\u0159el\u00fd vzhled, bez\u00fadr\u017ebov\u00fd a nen\u00e1ro\u010dn\u00fd ani na udr\u017eov\u00e1n\u00ed \u010distoty.                                                                                                                                                                                                                                                                                                                                                                                          4.7\/5 - (3 votes)        "},{"@context":"https:\/\/schema.org\/","@type":"BreadcrumbList","itemListElement":[{"@type":"ListItem","position":1,"name":"Rekonstruujeme rodinn\u00fd d\u016fm","item":"https:\/\/www.eberunka.cz\/rekonstruujeme-rodinny-dum\/#breadcrumbitem"}]}]