[{"@context":"https:\/\/schema.org\/","@type":"Article","@id":"https:\/\/www.eberunka.cz\/vyborny-nabytek\/#Article","mainEntityOfPage":"https:\/\/www.eberunka.cz\/vyborny-nabytek\/","headline":"V\u00fdborn\u00fd n\u00e1bytek","name":"V\u00fdborn\u00fd n\u00e1bytek","description":"M\u00edt velk\u00fd byt tak\u00e9 nemus\u00ed b\u00fdt za v\u0161ech okolnost\u00ed \u017e\u00e1d\u00e1 v\u00fdhra. P\u0159eci jen pot\u0159eba zohlednit celou \u0159adu n\u00e1klad\u016f, je\u017e se mus\u00ed to takov\u00e9ho obydl\u00ed vynalo\u017eit, a to hlavn\u011b v zimn\u00edch m\u011bs\u00edc\u00edch, kdy je \u010dasto nutn\u00e9 zb\u011bsile vyt\u00e1p\u011bt. Jinak jsou v\u0161ak... <a class=\"more-link\" href=\"https:\/\/www.eberunka.cz\/vyborny-nabytek\/\">Pokra\u010dovat ve \u010dten\u00ed &rarr;<\/a>","datePublished":"2023-05-12","dateModified":"2023-07-20","author":{"@type":"Person","@id":"https:\/\/www.eberunka.cz\/author\/#Person","name":"","url":"https:\/\/www.eberunka.cz\/author\/","identifier":1,"image":{"@type":"ImageObject","@id":"https:\/\/secure.gravatar.com\/avatar\/232437c79d6ebbb41eb67b1526ce0bc08ee5047d6b1594dc05abcc3258d8e0b3?s=96&d=mm&r=g","url":"https:\/\/secure.gravatar.com\/avatar\/232437c79d6ebbb41eb67b1526ce0bc08ee5047d6b1594dc05abcc3258d8e0b3?s=96&d=mm&r=g","height":96,"width":96}},"publisher":{"@type":"Organization","name":"eberunka.cz","logo":{"@type":"ImageObject","@id":"\/logo.png","url":"\/logo.png","width":600,"height":60}},"image":{"@type":"ImageObject","@id":"https:\/\/www.eberunka.cz\/wp-content\/uploads\/Klasick%C3%A1%20sk%C5%99%C3%AD%C5%88_1.jpg","url":"https:\/\/www.eberunka.cz\/wp-content\/uploads\/Klasick%C3%A1%20sk%C5%99%C3%AD%C5%88_1.jpg","height":0,"width":0},"url":"https:\/\/www.eberunka.cz\/vyborny-nabytek\/","about":["Zbo\u017e\u00ed"],"wordCount":452,"articleBody":"   M\u00edt velk\u00fd byt tak\u00e9 nemus\u00ed b\u00fdt za v\u0161ech okolnost\u00ed \u017e\u00e1d\u00e1 v\u00fdhra. P\u0159eci jen pot\u0159eba zohlednit celou \u0159adu n\u00e1klad\u016f, je\u017e se mus\u00ed to takov\u00e9ho obydl\u00ed vynalo\u017eit, a to hlavn\u011b v zimn\u00edch m\u011bs\u00edc\u00edch, kdy je \u010dasto nutn\u00e9 zb\u011bsile vyt\u00e1p\u011bt. Jinak jsou v\u0161ak velk\u00e9 byty, pota\u017emo rodinn\u00e9 domky docela terno a ka\u017ed\u00fd by je cht\u011bl, kdyby na n\u011b m\u011bl. Probl\u00e9m je, \u017ee \u0159ada lid\u00ed na takov\u00e1 obydl\u00ed pen\u00edze skute\u010dn\u011b nem\u00e1, a tud\u00ed\u017e bydl\u00ed na mnohem men\u0161\u00edm prostoru. \u010casto je tento prostor zcela nedosta\u010duj\u00edc\u00ed. Dnes je b\u011b\u017en\u00e9, \u017ee se i v\u011bt\u0161\u00ed rodiny mus\u00ed ma\u010dkat v mal\u00fdch bytech, p\u0159\u00edpadn\u011b dokonce i v garsonk\u00e1ch. St\u011bhov\u00e1n\u00ed do nov\u00e9ho, a hlavn\u011b v\u011bt\u0161\u00edho by samoz\u0159ejm\u011b bylo t\u00edm nejlep\u0161\u00edm \u0159e\u0161en\u00edm, av\u0161ak jak ji\u017e bylo \u0159e\u010deno na za\u010d\u00e1tku, ne ka\u017ed\u00fd m\u00e1 na takov\u00e9 bydlen\u00ed dostatek financ\u00ed. Jsou zde ov\u0161em i jin\u00e9 alternativy, nap\u0159\u00edklad ve form\u011b vestavn\u00fdch sk\u0159\u00edn\u00ed. Tento druh n\u00e1bytku dok\u00e1\u017ee dob\u0159e zapadnou d\u00edky sv\u00fdm vlastnostem pr\u00e1v\u011b prim\u00e1rn\u011b v men\u0161\u00edch kamrl\u00edc\u00edch.D\u011blaj\u00ed se jen na m\u00edruNa rozd\u00edl od jin\u00e9ho typu n\u00e1bytku tento druh nezav\u00e1z\u00ed. Instaluje se toti\u017e do st\u011bn, co\u017e rozhodn\u011b nevad\u00ed, pr\u00e1v\u011b naopak. Ve st\u011bn\u00e1ch toti\u017e nezab\u00edr\u00e1 \u017e\u00e1dn\u00e9 u\u017eite\u010dn\u00ed m\u00edsto. Tak je mo\u017en\u00e9 si nechat vyrobit t\u0159eba \u0161atn\u00edk \u010di spi\u017e\u00edrnu. Na rozd\u00edl od klasick\u00e9ho n\u00e1bytku, nen\u00ed ten vestav\u011bn\u00fd mo\u017en\u00e9 koupit ji\u017e vyroben\u00fd. V\u017edy se toti\u017e produkuje na m\u00edru. D\u00e1v\u00e1 to docela smysl, jeliko\u017e ka\u017ed\u00fd byt a pokoj je trochu odli\u0161n\u00fd a aby cel\u00fd princip fungoval podle p\u0159edpoklad\u016f, je nezbytn\u00e9 v\u0161e d\u016fkladn\u011b p\u0159em\u011b\u0159it a podle toho ud\u011blat pl\u00e1ny, respektive za\u010d\u00edt vyr\u00e1b\u011bt. Ano, v\u00fdroba na zak\u00e1zku leze v\u00edce do pen\u011bz ne\u017e koup\u011b hotov\u00e9ho n\u00e1bytku. Alespo\u0148 se pak m\u016f\u017ee \u010dlov\u011bk ut\u011b\u0161ovat, \u017ee mu doma stoj\u00ed origin\u00e1l.St\u011bny probl\u00e9m nejsouMnoho potenci\u00e1ln\u00edch z\u00e1jemc\u016f se trochu strachuje o to, jestli budou m\u00edt pro vestav\u011bn\u00e9 sk\u0159\u00edn\u011b v\u016fbec vyhovuj\u00edc\u00ed st\u011bny. Naprost\u00e1 v\u011bt\u0161ina lid\u00ed se tohoto typu probl\u00e9mu nemus\u00ed v\u016fbec ob\u00e1vat. V\u00edcem\u00e9n\u011b je toti\u017e jedno, jestli jsou zdi rovn\u00e9 nebo maj\u00ed n\u011bjak\u00fd speci\u00e1ln\u00ed tvar. V\u017edy je mo\u017en\u00e9 do nich n\u00e1bytek vyrobit a n\u00e1sledn\u011b nainstalovat.                                                                                                                                                                                                                                                                                                                                                                                          4.7\/5 - (9 votes)        "},{"@context":"https:\/\/schema.org\/","@type":"BreadcrumbList","itemListElement":[{"@type":"ListItem","position":1,"name":"V\u00fdborn\u00fd n\u00e1bytek","item":"https:\/\/www.eberunka.cz\/vyborny-nabytek\/#breadcrumbitem"}]}]